{"id":296605,"date":"2026-04-30T18:39:08","date_gmt":"2026-04-30T09:39:08","guid":{"rendered":"https:\/\/www.adfwebmagazine.jp\/?p=296605"},"modified":"2026-04-30T18:39:08","modified_gmt":"2026-04-30T10:44:31","slug":"festival-architectures-vives-2026-montpellier","status":"publish","type":"post","link":"https:\/\/www.adfwebmagazine.jp\/en\/architect\/festival-architectures-vives-2026-montpellier\/","title":{"rendered":"\u300cFestival des Architectures Vives 2026\u300dTeams and Projects"},"content":{"rendered":"<article class=\"cb-itemprop\" itemprop=\"reviewBody\"><h3>Festival des Architectures Vives 2026 in Montpellier Celebrating 20 Years of Architectural Installations<\/h3>\r\n<div dir=\"ltr\"><a href=\"https:\/\/festivaldesarchitecturesvives.com\/\" title=\"&lt;span class=&quot;cb-dropcap-big&quot;&gt;T&lt;\/span&gt;he Festival des Architectures Vives 2026\"><span class=\"cb-dropcap-big\">T<\/span>he Festival des Architectures Vives 2026<\/a> will take place in Montpellier, France, organized by Association Champ Libre. The event will be held across historic private mansions in the city from June 9 to June 14, 2026. Further details are available online. Marking its 20th anniversary, this edition adopts the theme \"Transmission\" and introduces a renewed format. Former participants return as mentors, supporting emerging architects and emphasizing the transfer of knowledge and creative practices.<\/div>\r\n\r\n\r\n<div id=\"attachment_296571\" style=\"width: 510px\" class=\"wp-caption aligncenter\"><a href=\"https:\/\/www.adfwebmagazine.jp\/wp-content\/uploads\/2026\/04\/adf-web-magazine-festival-des-architectures-vives2026-1.jpg\"><img aria-describedby=\"caption-attachment-296571\" src=\"https:\/\/www.adfwebmagazine.jp\/wp-content\/uploads\/2026\/04\/adf-web-magazine-festival-des-architectures-vives2026-1-500x629.jpg\" alt=\"adf-web-magazine-festival-des-architectures-vives2026-1\" width=\"500\" height=\"629\" class=\"wp-image-296571 size-ADFwebimage500\" srcset=\"https:\/\/www.adfwebmagazine.jp\/wp-content\/uploads\/2026\/04\/adf-web-magazine-festival-des-architectures-vives2026-1-500x629.jpg 500w, https:\/\/www.adfwebmagazine.jp\/wp-content\/uploads\/2026\/04\/adf-web-magazine-festival-des-architectures-vives2026-1-238x300.jpg 238w, https:\/\/www.adfwebmagazine.jp\/wp-content\/uploads\/2026\/04\/adf-web-magazine-festival-des-architectures-vives2026-1-814x1024.jpg 814w, https:\/\/www.adfwebmagazine.jp\/wp-content\/uploads\/2026\/04\/adf-web-magazine-festival-des-architectures-vives2026-1-119x150.jpg 119w, https:\/\/www.adfwebmagazine.jp\/wp-content\/uploads\/2026\/04\/adf-web-magazine-festival-des-architectures-vives2026-1-768x967.jpg 768w, https:\/\/www.adfwebmagazine.jp\/wp-content\/uploads\/2026\/04\/adf-web-magazine-festival-des-architectures-vives2026-1-1220x1536.jpg 1220w, https:\/\/www.adfwebmagazine.jp\/wp-content\/uploads\/2026\/04\/adf-web-magazine-festival-des-architectures-vives2026-1-230x289.jpg 230w, https:\/\/www.adfwebmagazine.jp\/wp-content\/uploads\/2026\/04\/adf-web-magazine-festival-des-architectures-vives2026-1-318x400.jpg 318w, https:\/\/www.adfwebmagazine.jp\/wp-content\/uploads\/2026\/04\/adf-web-magazine-festival-des-architectures-vives2026-1-397x500.jpg 397w, https:\/\/www.adfwebmagazine.jp\/wp-content\/uploads\/2026\/04\/adf-web-magazine-festival-des-architectures-vives2026-1-556x700.jpg 556w, https:\/\/www.adfwebmagazine.jp\/wp-content\/uploads\/2026\/04\/adf-web-magazine-festival-des-architectures-vives2026-1-600x755.jpg 600w, https:\/\/www.adfwebmagazine.jp\/wp-content\/uploads\/2026\/04\/adf-web-magazine-festival-des-architectures-vives2026-1-750x944.jpg 750w, https:\/\/www.adfwebmagazine.jp\/wp-content\/uploads\/2026\/04\/adf-web-magazine-festival-des-architectures-vives2026-1.jpg 1400w\" sizes=\"(max-width: 500px) 100vw, 500px\" \/><\/a><p id=\"caption-attachment-296571\" class=\"wp-caption-text\">VERTIGO Photo credit: Ateliers A+ : Axelle Le Letty, Eva Richez, Ayyoub Mazouz, Jules Rousset, Hugo Corsig, Valentin Lagarde<\/p><\/div>\r\n\r\n\r\n<p>This year\u2019s patron is Julien Tuffery, head of Atelier Tuffery, a French textile house embodying craftsmanship and generational knowledge. His involvement highlights the connection between architecture, material culture, and sustainable creation. A total of 13 teams from France and abroad will present installations within Montpellier\u2019s courtyards.<\/p>\r\n<h4>Installation Projects<\/h4>\r\n<h5>THE CONTINUUM AS SPACE TIME<\/h5>\r\n<p>Charles-Antoine Lauzon \/ Marie-Laurence Durand (Quebec, Canada) \/ Mentor: Agence Spatiale<\/p>\r\n\r\n\r\n<div id=\"attachment_296592\" style=\"width: 510px\" class=\"wp-caption aligncenter\"><a href=\"https:\/\/www.adfwebmagazine.jp\/wp-content\/uploads\/2026\/04\/adf-web-magazine-festival-des-architectures-vives2026-6.jpg\"><img aria-describedby=\"caption-attachment-296592\" src=\"https:\/\/www.adfwebmagazine.jp\/wp-content\/uploads\/2026\/04\/adf-web-magazine-festival-des-architectures-vives2026-6-500x625.jpg\" alt=\"adf-web-magazine-festival-des-architectures-vives2026-6\" width=\"500\" height=\"625\" class=\"size-ADFwebimage500 wp-image-296592\" srcset=\"https:\/\/www.adfwebmagazine.jp\/wp-content\/uploads\/2026\/04\/adf-web-magazine-festival-des-architectures-vives2026-6-500x625.jpg 500w, https:\/\/www.adfwebmagazine.jp\/wp-content\/uploads\/2026\/04\/adf-web-magazine-festival-des-architectures-vives2026-6-240x300.jpg 240w, https:\/\/www.adfwebmagazine.jp\/wp-content\/uploads\/2026\/04\/adf-web-magazine-festival-des-architectures-vives2026-6-819x1024.jpg 819w, https:\/\/www.adfwebmagazine.jp\/wp-content\/uploads\/2026\/04\/adf-web-magazine-festival-des-architectures-vives2026-6-120x150.jpg 120w, https:\/\/www.adfwebmagazine.jp\/wp-content\/uploads\/2026\/04\/adf-web-magazine-festival-des-architectures-vives2026-6-768x960.jpg 768w, https:\/\/www.adfwebmagazine.jp\/wp-content\/uploads\/2026\/04\/adf-web-magazine-festival-des-architectures-vives2026-6-1229x1536.jpg 1229w, https:\/\/www.adfwebmagazine.jp\/wp-content\/uploads\/2026\/04\/adf-web-magazine-festival-des-architectures-vives2026-6-230x288.jpg 230w, https:\/\/www.adfwebmagazine.jp\/wp-content\/uploads\/2026\/04\/adf-web-magazine-festival-des-architectures-vives2026-6-320x400.jpg 320w, https:\/\/www.adfwebmagazine.jp\/wp-content\/uploads\/2026\/04\/adf-web-magazine-festival-des-architectures-vives2026-6-400x500.jpg 400w, https:\/\/www.adfwebmagazine.jp\/wp-content\/uploads\/2026\/04\/adf-web-magazine-festival-des-architectures-vives2026-6-560x700.jpg 560w, https:\/\/www.adfwebmagazine.jp\/wp-content\/uploads\/2026\/04\/adf-web-magazine-festival-des-architectures-vives2026-6-600x750.jpg 600w, https:\/\/www.adfwebmagazine.jp\/wp-content\/uploads\/2026\/04\/adf-web-magazine-festival-des-architectures-vives2026-6-750x938.jpg 750w, https:\/\/www.adfwebmagazine.jp\/wp-content\/uploads\/2026\/04\/adf-web-magazine-festival-des-architectures-vives2026-6.jpg 1400w\" sizes=\"(max-width: 500px) 100vw, 500px\" \/><\/a><p id=\"caption-attachment-296592\" class=\"wp-caption-text\">THE CONTINUUM AS SPACE-TIME<br>\r\nPhoto credit: Charles-Antoine Lauzon &amp; Marie-Laurence Durand<\/p><\/div> <div id=\"attachment_296576\" style=\"width: 760px\" class=\"wp-caption aligncenter\"><a href=\"https:\/\/www.adfwebmagazine.jp\/wp-content\/uploads\/2026\/04\/adf-web-magazine-festival-des-architectures-vives2026-14.jpg\"><img aria-describedby=\"caption-attachment-296576\" src=\"https:\/\/www.adfwebmagazine.jp\/wp-content\/uploads\/2026\/04\/adf-web-magazine-festival-des-architectures-vives2026-14-750x600.jpg\" alt=\"adf-web-magazine-festival-des-architectures-vives2026-14\" width=\"750\" height=\"600\" class=\"size-ADFwebimage999 wp-image-296576\" srcset=\"https:\/\/www.adfwebmagazine.jp\/wp-content\/uploads\/2026\/04\/adf-web-magazine-festival-des-architectures-vives2026-14-750x600.jpg 750w, https:\/\/www.adfwebmagazine.jp\/wp-content\/uploads\/2026\/04\/adf-web-magazine-festival-des-architectures-vives2026-14-300x240.jpg 300w, https:\/\/www.adfwebmagazine.jp\/wp-content\/uploads\/2026\/04\/adf-web-magazine-festival-des-architectures-vives2026-14-1024x819.jpg 1024w, https:\/\/www.adfwebmagazine.jp\/wp-content\/uploads\/2026\/04\/adf-web-magazine-festival-des-architectures-vives2026-14-150x120.jpg 150w, https:\/\/www.adfwebmagazine.jp\/wp-content\/uploads\/2026\/04\/adf-web-magazine-festival-des-architectures-vives2026-14-768x614.jpg 768w, https:\/\/www.adfwebmagazine.jp\/wp-content\/uploads\/2026\/04\/adf-web-magazine-festival-des-architectures-vives2026-14-230x184.jpg 230w, https:\/\/www.adfwebmagazine.jp\/wp-content\/uploads\/2026\/04\/adf-web-magazine-festival-des-architectures-vives2026-14-500x400.jpg 500w, https:\/\/www.adfwebmagazine.jp\/wp-content\/uploads\/2026\/04\/adf-web-magazine-festival-des-architectures-vives2026-14-625x500.jpg 625w, https:\/\/www.adfwebmagazine.jp\/wp-content\/uploads\/2026\/04\/adf-web-magazine-festival-des-architectures-vives2026-14-875x700.jpg 875w, https:\/\/www.adfwebmagazine.jp\/wp-content\/uploads\/2026\/04\/adf-web-magazine-festival-des-architectures-vives2026-14-600x480.jpg 600w, https:\/\/www.adfwebmagazine.jp\/wp-content\/uploads\/2026\/04\/adf-web-magazine-festival-des-architectures-vives2026-14.jpg 1400w\" sizes=\"(max-width: 750px) 100vw, 750px\" \/><\/a><p id=\"caption-attachment-296576\" class=\"wp-caption-text\">Charles-Antoine Lauzon &amp; Marie-Laurence Durand<br>\r\nPhoto credit: Charles-Antoine Lauzon &amp; Marie-Laurence Durand<\/p><\/div>\r\n\r\n\r\n<h5>\u904b\u7d19 \u96f2\u7d19 THE SUSPENDED CLOUD<\/h5>\r\n<p>OFNN Group Sanghoon Park \/ Sung-min Park (Seoul, South Korea) \/ Mentors: \u00c1lvaro Gonz\u00e1lez Serrano \/ Jennyfher Alvarado Figueroa<\/p>\r\n\r\n\r\n<div id=\"attachment_296574\" style=\"width: 760px\" class=\"wp-caption aligncenter\"><a href=\"https:\/\/www.adfwebmagazine.jp\/wp-content\/uploads\/2026\/04\/adf-web-magazine-festival-des-architectures-vives2026-12.jpg\"><img aria-describedby=\"caption-attachment-296574\" src=\"https:\/\/www.adfwebmagazine.jp\/wp-content\/uploads\/2026\/04\/adf-web-magazine-festival-des-architectures-vives2026-12-750x563.jpg\" alt=\"adf-web-magazine-festival-des-architectures-vives2026-12\" width=\"750\" height=\"563\" class=\"size-ADFwebimage999 wp-image-296574\" srcset=\"https:\/\/www.adfwebmagazine.jp\/wp-content\/uploads\/2026\/04\/adf-web-magazine-festival-des-architectures-vives2026-12-750x563.jpg 750w, https:\/\/www.adfwebmagazine.jp\/wp-content\/uploads\/2026\/04\/adf-web-magazine-festival-des-architectures-vives2026-12-300x225.jpg 300w, https:\/\/www.adfwebmagazine.jp\/wp-content\/uploads\/2026\/04\/adf-web-magazine-festival-des-architectures-vives2026-12-1024x768.jpg 1024w, https:\/\/www.adfwebmagazine.jp\/wp-content\/uploads\/2026\/04\/adf-web-magazine-festival-des-architectures-vives2026-12-150x113.jpg 150w, https:\/\/www.adfwebmagazine.jp\/wp-content\/uploads\/2026\/04\/adf-web-magazine-festival-des-architectures-vives2026-12-768x576.jpg 768w, https:\/\/www.adfwebmagazine.jp\/wp-content\/uploads\/2026\/04\/adf-web-magazine-festival-des-architectures-vives2026-12-230x173.jpg 230w, https:\/\/www.adfwebmagazine.jp\/wp-content\/uploads\/2026\/04\/adf-web-magazine-festival-des-architectures-vives2026-12-533x400.jpg 533w, https:\/\/www.adfwebmagazine.jp\/wp-content\/uploads\/2026\/04\/adf-web-magazine-festival-des-architectures-vives2026-12-667x500.jpg 667w, https:\/\/www.adfwebmagazine.jp\/wp-content\/uploads\/2026\/04\/adf-web-magazine-festival-des-architectures-vives2026-12-933x700.jpg 933w, https:\/\/www.adfwebmagazine.jp\/wp-content\/uploads\/2026\/04\/adf-web-magazine-festival-des-architectures-vives2026-12-500x375.jpg 500w, https:\/\/www.adfwebmagazine.jp\/wp-content\/uploads\/2026\/04\/adf-web-magazine-festival-des-architectures-vives2026-12-600x450.jpg 600w, https:\/\/www.adfwebmagazine.jp\/wp-content\/uploads\/2026\/04\/adf-web-magazine-festival-des-architectures-vives2026-12.jpg 1400w\" sizes=\"(max-width: 750px) 100vw, 750px\" \/><\/a><p id=\"caption-attachment-296574\" class=\"wp-caption-text\">\uc6b4\uc9c0(\u96f2\u7d19) LE NUAGE SUSPENDU<br>\r\nPhoto credit: OFNN Group : Sanghoon Park &amp; Sung-min Park<\/p><\/div> <div id=\"attachment_296585\" style=\"width: 610px\" class=\"wp-caption aligncenter\"><a href=\"https:\/\/www.adfwebmagazine.jp\/wp-content\/uploads\/2026\/04\/adf-web-magazine-festival-des-architectures-vives2026-22.jpg\"><img aria-describedby=\"caption-attachment-296585\" src=\"https:\/\/www.adfwebmagazine.jp\/wp-content\/uploads\/2026\/04\/adf-web-magazine-festival-des-architectures-vives2026-22-600x600.jpg\" alt=\"adf-web-magazine-festival-des-architectures-vives2026-22\" width=\"600\" height=\"600\" class=\"size-ADFwebimage600 wp-image-296585\" srcset=\"https:\/\/www.adfwebmagazine.jp\/wp-content\/uploads\/2026\/04\/adf-web-magazine-festival-des-architectures-vives2026-22-600x600.jpg 600w, https:\/\/www.adfwebmagazine.jp\/wp-content\/uploads\/2026\/04\/adf-web-magazine-festival-des-architectures-vives2026-22-300x300.jpg 300w, https:\/\/www.adfwebmagazine.jp\/wp-content\/uploads\/2026\/04\/adf-web-magazine-festival-des-architectures-vives2026-22-1024x1024.jpg 1024w, https:\/\/www.adfwebmagazine.jp\/wp-content\/uploads\/2026\/04\/adf-web-magazine-festival-des-architectures-vives2026-22-150x150.jpg 150w, https:\/\/www.adfwebmagazine.jp\/wp-content\/uploads\/2026\/04\/adf-web-magazine-festival-des-architectures-vives2026-22-768x768.jpg 768w, https:\/\/www.adfwebmagazine.jp\/wp-content\/uploads\/2026\/04\/adf-web-magazine-festival-des-architectures-vives2026-22-230x230.jpg 230w, https:\/\/www.adfwebmagazine.jp\/wp-content\/uploads\/2026\/04\/adf-web-magazine-festival-des-architectures-vives2026-22-400x400.jpg 400w, https:\/\/www.adfwebmagazine.jp\/wp-content\/uploads\/2026\/04\/adf-web-magazine-festival-des-architectures-vives2026-22-500x500.jpg 500w, https:\/\/www.adfwebmagazine.jp\/wp-content\/uploads\/2026\/04\/adf-web-magazine-festival-des-architectures-vives2026-22-700x700.jpg 700w, https:\/\/www.adfwebmagazine.jp\/wp-content\/uploads\/2026\/04\/adf-web-magazine-festival-des-architectures-vives2026-22-750x750.jpg 750w, https:\/\/www.adfwebmagazine.jp\/wp-content\/uploads\/2026\/04\/adf-web-magazine-festival-des-architectures-vives2026-22-125x125.jpg 125w, https:\/\/www.adfwebmagazine.jp\/wp-content\/uploads\/2026\/04\/adf-web-magazine-festival-des-architectures-vives2026-22.jpg 1400w\" sizes=\"(max-width: 600px) 100vw, 600px\" \/><\/a><p id=\"caption-attachment-296585\" class=\"wp-caption-text\">OFNN Group : Sanghoon Park &amp; Sung-min Park<br>\r\nPhoto credit: OFNN Group<\/p><\/div>\r\n\r\n\r\n<h5>LIMINALITY IN MOVEMENT<\/h5>\r\n<p>Yurica Design &amp; Architecture Yurika Takemura (Nara, Japan) \/ Mentor: Tohru Horiguchi<\/p>\r\n\r\n\r\n<div id=\"attachment_296595\" style=\"width: 510px\" class=\"wp-caption aligncenter\"><a href=\"https:\/\/www.adfwebmagazine.jp\/wp-content\/uploads\/2026\/04\/adf-web-magazine-festival-des-architectures-vives2026-9.jpg\"><img aria-describedby=\"caption-attachment-296595\" src=\"https:\/\/www.adfwebmagazine.jp\/wp-content\/uploads\/2026\/04\/adf-web-magazine-festival-des-architectures-vives2026-9-500x667.jpg\" alt=\"adf-web-magazine-festival-des-architectures-vives2026-9\" width=\"500\" height=\"667\" class=\"size-ADFwebimage500 wp-image-296595\" srcset=\"https:\/\/www.adfwebmagazine.jp\/wp-content\/uploads\/2026\/04\/adf-web-magazine-festival-des-architectures-vives2026-9-500x667.jpg 500w, https:\/\/www.adfwebmagazine.jp\/wp-content\/uploads\/2026\/04\/adf-web-magazine-festival-des-architectures-vives2026-9-225x300.jpg 225w, https:\/\/www.adfwebmagazine.jp\/wp-content\/uploads\/2026\/04\/adf-web-magazine-festival-des-architectures-vives2026-9-768x1024.jpg 768w, https:\/\/www.adfwebmagazine.jp\/wp-content\/uploads\/2026\/04\/adf-web-magazine-festival-des-architectures-vives2026-9-112x150.jpg 112w, https:\/\/www.adfwebmagazine.jp\/wp-content\/uploads\/2026\/04\/adf-web-magazine-festival-des-architectures-vives2026-9-1152x1536.jpg 1152w, https:\/\/www.adfwebmagazine.jp\/wp-content\/uploads\/2026\/04\/adf-web-magazine-festival-des-architectures-vives2026-9-230x307.jpg 230w, https:\/\/www.adfwebmagazine.jp\/wp-content\/uploads\/2026\/04\/adf-web-magazine-festival-des-architectures-vives2026-9-300x400.jpg 300w, https:\/\/www.adfwebmagazine.jp\/wp-content\/uploads\/2026\/04\/adf-web-magazine-festival-des-architectures-vives2026-9-375x500.jpg 375w, https:\/\/www.adfwebmagazine.jp\/wp-content\/uploads\/2026\/04\/adf-web-magazine-festival-des-architectures-vives2026-9-525x700.jpg 525w, https:\/\/www.adfwebmagazine.jp\/wp-content\/uploads\/2026\/04\/adf-web-magazine-festival-des-architectures-vives2026-9-600x800.jpg 600w, https:\/\/www.adfwebmagazine.jp\/wp-content\/uploads\/2026\/04\/adf-web-magazine-festival-des-architectures-vives2026-9-750x1000.jpg 750w, https:\/\/www.adfwebmagazine.jp\/wp-content\/uploads\/2026\/04\/adf-web-magazine-festival-des-architectures-vives2026-9.jpg 1400w\" sizes=\"(max-width: 500px) 100vw, 500px\" \/><\/a><p id=\"caption-attachment-296595\" class=\"wp-caption-text\">LIMINALITY IN MOVEMENT<br>\r\nPhoto credit: Yurica Design &amp; Architecture : Yurika Takemura<\/p><\/div> <div id=\"attachment_296588\" style=\"width: 510px\" class=\"wp-caption aligncenter\"><a href=\"https:\/\/www.adfwebmagazine.jp\/wp-content\/uploads\/2026\/04\/adf-web-magazine-festival-des-architectures-vives2026-25.jpg\"><img aria-describedby=\"caption-attachment-296588\" src=\"https:\/\/www.adfwebmagazine.jp\/wp-content\/uploads\/2026\/04\/adf-web-magazine-festival-des-architectures-vives2026-25-500x723.jpg\" alt=\"adf-web-magazine-festival-des-architectures-vives2026-25\" width=\"500\" height=\"723\" class=\"size-ADFwebimage500 wp-image-296588\" srcset=\"https:\/\/www.adfwebmagazine.jp\/wp-content\/uploads\/2026\/04\/adf-web-magazine-festival-des-architectures-vives2026-25-500x723.jpg 500w, https:\/\/www.adfwebmagazine.jp\/wp-content\/uploads\/2026\/04\/adf-web-magazine-festival-des-architectures-vives2026-25-208x300.jpg 208w, https:\/\/www.adfwebmagazine.jp\/wp-content\/uploads\/2026\/04\/adf-web-magazine-festival-des-architectures-vives2026-25-708x1024.jpg 708w, https:\/\/www.adfwebmagazine.jp\/wp-content\/uploads\/2026\/04\/adf-web-magazine-festival-des-architectures-vives2026-25-104x150.jpg 104w, https:\/\/www.adfwebmagazine.jp\/wp-content\/uploads\/2026\/04\/adf-web-magazine-festival-des-architectures-vives2026-25-768x1110.jpg 768w, https:\/\/www.adfwebmagazine.jp\/wp-content\/uploads\/2026\/04\/adf-web-magazine-festival-des-architectures-vives2026-25-1062x1536.jpg 1062w, https:\/\/www.adfwebmagazine.jp\/wp-content\/uploads\/2026\/04\/adf-web-magazine-festival-des-architectures-vives2026-25-230x333.jpg 230w, https:\/\/www.adfwebmagazine.jp\/wp-content\/uploads\/2026\/04\/adf-web-magazine-festival-des-architectures-vives2026-25-277x400.jpg 277w, https:\/\/www.adfwebmagazine.jp\/wp-content\/uploads\/2026\/04\/adf-web-magazine-festival-des-architectures-vives2026-25-346x500.jpg 346w, https:\/\/www.adfwebmagazine.jp\/wp-content\/uploads\/2026\/04\/adf-web-magazine-festival-des-architectures-vives2026-25-484x700.jpg 484w, https:\/\/www.adfwebmagazine.jp\/wp-content\/uploads\/2026\/04\/adf-web-magazine-festival-des-architectures-vives2026-25-600x867.jpg 600w, https:\/\/www.adfwebmagazine.jp\/wp-content\/uploads\/2026\/04\/adf-web-magazine-festival-des-architectures-vives2026-25-750x1084.jpg 750w, https:\/\/www.adfwebmagazine.jp\/wp-content\/uploads\/2026\/04\/adf-web-magazine-festival-des-architectures-vives2026-25.jpg 1400w\" sizes=\"(max-width: 500px) 100vw, 500px\" \/><\/a><p id=\"caption-attachment-296588\" class=\"wp-caption-text\">Yurika Takemura<br>\r\nPhoto credit: Yurika Takemura<\/p><\/div>\r\n\r\n\r\n<h5>RACONTE MOI UN SECRET<\/h5>\r\n<p>Coletivo624 Maria Filipe \/ Patr\u00edcia Var\u00e3o Moreira \/ Miguel Van-Zeller \/ Beatriz Rosendo \/ Ruben Vasques \/ Raquel Stattmiller (Portugal \/ Switzerland \/ Australia) \/ Mentor: Vicente Spinola<\/p>\r\n\r\n\r\n<div id=\"attachment_296591\" style=\"width: 510px\" class=\"wp-caption aligncenter\"><a href=\"https:\/\/www.adfwebmagazine.jp\/wp-content\/uploads\/2026\/04\/adf-web-magazine-festival-des-architectures-vives2026-5.jpg\"><img aria-describedby=\"caption-attachment-296591\" src=\"https:\/\/www.adfwebmagazine.jp\/wp-content\/uploads\/2026\/04\/adf-web-magazine-festival-des-architectures-vives2026-5-500x667.jpg\" alt=\"adf-web-magazine-festival-des-architectures-vives2026-5\" width=\"500\" height=\"667\" class=\"size-ADFwebimage500 wp-image-296591\" srcset=\"https:\/\/www.adfwebmagazine.jp\/wp-content\/uploads\/2026\/04\/adf-web-magazine-festival-des-architectures-vives2026-5-500x667.jpg 500w, https:\/\/www.adfwebmagazine.jp\/wp-content\/uploads\/2026\/04\/adf-web-magazine-festival-des-architectures-vives2026-5-225x300.jpg 225w, https:\/\/www.adfwebmagazine.jp\/wp-content\/uploads\/2026\/04\/adf-web-magazine-festival-des-architectures-vives2026-5-768x1024.jpg 768w, https:\/\/www.adfwebmagazine.jp\/wp-content\/uploads\/2026\/04\/adf-web-magazine-festival-des-architectures-vives2026-5-112x150.jpg 112w, https:\/\/www.adfwebmagazine.jp\/wp-content\/uploads\/2026\/04\/adf-web-magazine-festival-des-architectures-vives2026-5-1152x1536.jpg 1152w, https:\/\/www.adfwebmagazine.jp\/wp-content\/uploads\/2026\/04\/adf-web-magazine-festival-des-architectures-vives2026-5-230x307.jpg 230w, https:\/\/www.adfwebmagazine.jp\/wp-content\/uploads\/2026\/04\/adf-web-magazine-festival-des-architectures-vives2026-5-300x400.jpg 300w, https:\/\/www.adfwebmagazine.jp\/wp-content\/uploads\/2026\/04\/adf-web-magazine-festival-des-architectures-vives2026-5-375x500.jpg 375w, https:\/\/www.adfwebmagazine.jp\/wp-content\/uploads\/2026\/04\/adf-web-magazine-festival-des-architectures-vives2026-5-525x700.jpg 525w, https:\/\/www.adfwebmagazine.jp\/wp-content\/uploads\/2026\/04\/adf-web-magazine-festival-des-architectures-vives2026-5-600x800.jpg 600w, https:\/\/www.adfwebmagazine.jp\/wp-content\/uploads\/2026\/04\/adf-web-magazine-festival-des-architectures-vives2026-5-750x1000.jpg 750w, https:\/\/www.adfwebmagazine.jp\/wp-content\/uploads\/2026\/04\/adf-web-magazine-festival-des-architectures-vives2026-5.jpg 1400w\" sizes=\"(max-width: 500px) 100vw, 500px\" \/><\/a><p id=\"caption-attachment-296591\" class=\"wp-caption-text\">RACONTE MOI UN SECRET<br>\r\nPhoto credit: Coletivo624 : Maria Filipe, Patr\u00edcia Var\u00e3o Moreira, Miguel Van-Zeller, Beatriz Rosendo, Ruben Vasques, Raquel Stattmiller<\/p><\/div> <div id=\"attachment_296578\" style=\"width: 510px\" class=\"wp-caption aligncenter\"><a href=\"https:\/\/www.adfwebmagazine.jp\/wp-content\/uploads\/2026\/04\/adf-web-magazine-festival-des-architectures-vives2026-16.jpg\"><img aria-describedby=\"caption-attachment-296578\" src=\"https:\/\/www.adfwebmagazine.jp\/wp-content\/uploads\/2026\/04\/adf-web-magazine-festival-des-architectures-vives2026-16-500x750.jpg\" alt=\"adf-web-magazine-festival-des-architectures-vives2026-16\" width=\"500\" height=\"750\" class=\"size-ADFwebimage500 wp-image-296578\" srcset=\"https:\/\/www.adfwebmagazine.jp\/wp-content\/uploads\/2026\/04\/adf-web-magazine-festival-des-architectures-vives2026-16-500x750.jpg 500w, https:\/\/www.adfwebmagazine.jp\/wp-content\/uploads\/2026\/04\/adf-web-magazine-festival-des-architectures-vives2026-16-200x300.jpg 200w, https:\/\/www.adfwebmagazine.jp\/wp-content\/uploads\/2026\/04\/adf-web-magazine-festival-des-architectures-vives2026-16-683x1024.jpg 683w, https:\/\/www.adfwebmagazine.jp\/wp-content\/uploads\/2026\/04\/adf-web-magazine-festival-des-architectures-vives2026-16-100x150.jpg 100w, https:\/\/www.adfwebmagazine.jp\/wp-content\/uploads\/2026\/04\/adf-web-magazine-festival-des-architectures-vives2026-16-768x1152.jpg 768w, https:\/\/www.adfwebmagazine.jp\/wp-content\/uploads\/2026\/04\/adf-web-magazine-festival-des-architectures-vives2026-16-1024x1536.jpg 1024w, https:\/\/www.adfwebmagazine.jp\/wp-content\/uploads\/2026\/04\/adf-web-magazine-festival-des-architectures-vives2026-16-1365x2048.jpg 1365w, https:\/\/www.adfwebmagazine.jp\/wp-content\/uploads\/2026\/04\/adf-web-magazine-festival-des-architectures-vives2026-16-230x345.jpg 230w, https:\/\/www.adfwebmagazine.jp\/wp-content\/uploads\/2026\/04\/adf-web-magazine-festival-des-architectures-vives2026-16-267x400.jpg 267w, https:\/\/www.adfwebmagazine.jp\/wp-content\/uploads\/2026\/04\/adf-web-magazine-festival-des-architectures-vives2026-16-333x500.jpg 333w, https:\/\/www.adfwebmagazine.jp\/wp-content\/uploads\/2026\/04\/adf-web-magazine-festival-des-architectures-vives2026-16-467x700.jpg 467w, https:\/\/www.adfwebmagazine.jp\/wp-content\/uploads\/2026\/04\/adf-web-magazine-festival-des-architectures-vives2026-16-600x900.jpg 600w, https:\/\/www.adfwebmagazine.jp\/wp-content\/uploads\/2026\/04\/adf-web-magazine-festival-des-architectures-vives2026-16-750x1125.jpg 750w, https:\/\/www.adfwebmagazine.jp\/wp-content\/uploads\/2026\/04\/adf-web-magazine-festival-des-architectures-vives2026-16.jpg 1400w\" sizes=\"(max-width: 500px) 100vw, 500px\" \/><\/a><p id=\"caption-attachment-296578\" class=\"wp-caption-text\">Coletivo624 : Maria Filipe, Patr\u00edcia Var\u00e3o Moreira, Miguel Van-Zeller, Beatriz Rosendo, Ruben Vasques, Raquel Stattmiller<br>\r\nPhoto credit: Coletivo624<\/p><\/div>\r\n\r\n\r\n<h5>UNE OMBRE BLEUE DEVIENT UNE RELIQUE<\/h5>\r\n<p>Natura Urbana Collective Emma Franco \/ Marta Portigliati \/ Lorenza Ferrari (Genoa, Italy) \/ Mentor: Nicola Canessa<\/p>\r\n\r\n\r\n<div id=\"attachment_296572\" style=\"width: 510px\" class=\"wp-caption aligncenter\"><a href=\"https:\/\/www.adfwebmagazine.jp\/wp-content\/uploads\/2026\/04\/adf-web-magazine-festival-des-architectures-vives2026-10.jpg\"><img aria-describedby=\"caption-attachment-296572\" src=\"https:\/\/www.adfwebmagazine.jp\/wp-content\/uploads\/2026\/04\/adf-web-magazine-festival-des-architectures-vives2026-10-500x667.jpg\" alt=\"adf-web-magazine-festival-des-architectures-vives2026-10\" width=\"500\" height=\"667\" class=\"size-ADFwebimage500 wp-image-296572\" srcset=\"https:\/\/www.adfwebmagazine.jp\/wp-content\/uploads\/2026\/04\/adf-web-magazine-festival-des-architectures-vives2026-10-500x667.jpg 500w, https:\/\/www.adfwebmagazine.jp\/wp-content\/uploads\/2026\/04\/adf-web-magazine-festival-des-architectures-vives2026-10-225x300.jpg 225w, https:\/\/www.adfwebmagazine.jp\/wp-content\/uploads\/2026\/04\/adf-web-magazine-festival-des-architectures-vives2026-10-768x1024.jpg 768w, https:\/\/www.adfwebmagazine.jp\/wp-content\/uploads\/2026\/04\/adf-web-magazine-festival-des-architectures-vives2026-10-112x150.jpg 112w, https:\/\/www.adfwebmagazine.jp\/wp-content\/uploads\/2026\/04\/adf-web-magazine-festival-des-architectures-vives2026-10-1152x1536.jpg 1152w, https:\/\/www.adfwebmagazine.jp\/wp-content\/uploads\/2026\/04\/adf-web-magazine-festival-des-architectures-vives2026-10-230x307.jpg 230w, https:\/\/www.adfwebmagazine.jp\/wp-content\/uploads\/2026\/04\/adf-web-magazine-festival-des-architectures-vives2026-10-300x400.jpg 300w, https:\/\/www.adfwebmagazine.jp\/wp-content\/uploads\/2026\/04\/adf-web-magazine-festival-des-architectures-vives2026-10-375x500.jpg 375w, https:\/\/www.adfwebmagazine.jp\/wp-content\/uploads\/2026\/04\/adf-web-magazine-festival-des-architectures-vives2026-10-525x700.jpg 525w, https:\/\/www.adfwebmagazine.jp\/wp-content\/uploads\/2026\/04\/adf-web-magazine-festival-des-architectures-vives2026-10-600x800.jpg 600w, https:\/\/www.adfwebmagazine.jp\/wp-content\/uploads\/2026\/04\/adf-web-magazine-festival-des-architectures-vives2026-10-750x1000.jpg 750w, https:\/\/www.adfwebmagazine.jp\/wp-content\/uploads\/2026\/04\/adf-web-magazine-festival-des-architectures-vives2026-10.jpg 1400w\" sizes=\"(max-width: 500px) 100vw, 500px\" \/><\/a><p id=\"caption-attachment-296572\" class=\"wp-caption-text\">UNE OMBRE BLEUE DEVIENT UNE RELIQUE<br>\r\nPhoto credit: Natura Urbana Collective : Emma Franco, Marta Portigliati, Lorenza Ferrari<\/p><\/div> <div id=\"attachment_296583\" style=\"width: 510px\" class=\"wp-caption aligncenter\"><a href=\"https:\/\/www.adfwebmagazine.jp\/wp-content\/uploads\/2026\/04\/adf-web-magazine-festival-des-architectures-vives2026-20.jpg\"><img aria-describedby=\"caption-attachment-296583\" src=\"https:\/\/www.adfwebmagazine.jp\/wp-content\/uploads\/2026\/04\/adf-web-magazine-festival-des-architectures-vives2026-20-500x750.jpg\" alt=\"adf-web-magazine-festival-des-architectures-vives2026-20\" width=\"500\" height=\"750\" class=\"size-ADFwebimage500 wp-image-296583\" srcset=\"https:\/\/www.adfwebmagazine.jp\/wp-content\/uploads\/2026\/04\/adf-web-magazine-festival-des-architectures-vives2026-20-500x750.jpg 500w, https:\/\/www.adfwebmagazine.jp\/wp-content\/uploads\/2026\/04\/adf-web-magazine-festival-des-architectures-vives2026-20-200x300.jpg 200w, https:\/\/www.adfwebmagazine.jp\/wp-content\/uploads\/2026\/04\/adf-web-magazine-festival-des-architectures-vives2026-20-683x1024.jpg 683w, https:\/\/www.adfwebmagazine.jp\/wp-content\/uploads\/2026\/04\/adf-web-magazine-festival-des-architectures-vives2026-20-100x150.jpg 100w, https:\/\/www.adfwebmagazine.jp\/wp-content\/uploads\/2026\/04\/adf-web-magazine-festival-des-architectures-vives2026-20-768x1152.jpg 768w, https:\/\/www.adfwebmagazine.jp\/wp-content\/uploads\/2026\/04\/adf-web-magazine-festival-des-architectures-vives2026-20-1024x1536.jpg 1024w, https:\/\/www.adfwebmagazine.jp\/wp-content\/uploads\/2026\/04\/adf-web-magazine-festival-des-architectures-vives2026-20-1365x2048.jpg 1365w, https:\/\/www.adfwebmagazine.jp\/wp-content\/uploads\/2026\/04\/adf-web-magazine-festival-des-architectures-vives2026-20-230x345.jpg 230w, https:\/\/www.adfwebmagazine.jp\/wp-content\/uploads\/2026\/04\/adf-web-magazine-festival-des-architectures-vives2026-20-267x400.jpg 267w, https:\/\/www.adfwebmagazine.jp\/wp-content\/uploads\/2026\/04\/adf-web-magazine-festival-des-architectures-vives2026-20-333x500.jpg 333w, https:\/\/www.adfwebmagazine.jp\/wp-content\/uploads\/2026\/04\/adf-web-magazine-festival-des-architectures-vives2026-20-467x700.jpg 467w, https:\/\/www.adfwebmagazine.jp\/wp-content\/uploads\/2026\/04\/adf-web-magazine-festival-des-architectures-vives2026-20-600x900.jpg 600w, https:\/\/www.adfwebmagazine.jp\/wp-content\/uploads\/2026\/04\/adf-web-magazine-festival-des-architectures-vives2026-20-750x1125.jpg 750w, https:\/\/www.adfwebmagazine.jp\/wp-content\/uploads\/2026\/04\/adf-web-magazine-festival-des-architectures-vives2026-20.jpg 1400w\" sizes=\"(max-width: 500px) 100vw, 500px\" \/><\/a><p id=\"caption-attachment-296583\" class=\"wp-caption-text\">Natura Urbana Collective : Emma Franco, Marta Portigliati, Lorenza Ferrari<br>\r\nPhoto credit: Natura Urbana Collective<\/p><\/div>\r\n\r\n\r\n<h5>PANACHE DE LUMI\u00c8RE<\/h5>\r\n<p>Ateliers A+ Valentin Bancarel \/ Marie Felipe \/ Eline Thibaut \/ Camille Le Joly \/ Bastien Lauras \/ Julie Guiraud (Montpellier, France) \/ Mentors: Ateliers A+<\/p>\r\n\r\n\r\n<div id=\"attachment_296589\" style=\"width: 510px\" class=\"wp-caption aligncenter\"><a href=\"https:\/\/www.adfwebmagazine.jp\/wp-content\/uploads\/2026\/04\/adf-web-magazine-festival-des-architectures-vives2026-3.jpg\"><img aria-describedby=\"caption-attachment-296589\" src=\"https:\/\/www.adfwebmagazine.jp\/wp-content\/uploads\/2026\/04\/adf-web-magazine-festival-des-architectures-vives2026-3-500x750.jpg\" alt=\"adf-web-magazine-festival-des-architectures-vives2026-3\" width=\"500\" height=\"750\" class=\"size-ADFwebimage500 wp-image-296589\" srcset=\"https:\/\/www.adfwebmagazine.jp\/wp-content\/uploads\/2026\/04\/adf-web-magazine-festival-des-architectures-vives2026-3-500x750.jpg 500w, https:\/\/www.adfwebmagazine.jp\/wp-content\/uploads\/2026\/04\/adf-web-magazine-festival-des-architectures-vives2026-3-200x300.jpg 200w, https:\/\/www.adfwebmagazine.jp\/wp-content\/uploads\/2026\/04\/adf-web-magazine-festival-des-architectures-vives2026-3-683x1024.jpg 683w, https:\/\/www.adfwebmagazine.jp\/wp-content\/uploads\/2026\/04\/adf-web-magazine-festival-des-architectures-vives2026-3-100x150.jpg 100w, https:\/\/www.adfwebmagazine.jp\/wp-content\/uploads\/2026\/04\/adf-web-magazine-festival-des-architectures-vives2026-3-768x1152.jpg 768w, https:\/\/www.adfwebmagazine.jp\/wp-content\/uploads\/2026\/04\/adf-web-magazine-festival-des-architectures-vives2026-3-1024x1536.jpg 1024w, https:\/\/www.adfwebmagazine.jp\/wp-content\/uploads\/2026\/04\/adf-web-magazine-festival-des-architectures-vives2026-3-1365x2048.jpg 1365w, https:\/\/www.adfwebmagazine.jp\/wp-content\/uploads\/2026\/04\/adf-web-magazine-festival-des-architectures-vives2026-3-230x345.jpg 230w, https:\/\/www.adfwebmagazine.jp\/wp-content\/uploads\/2026\/04\/adf-web-magazine-festival-des-architectures-vives2026-3-267x400.jpg 267w, https:\/\/www.adfwebmagazine.jp\/wp-content\/uploads\/2026\/04\/adf-web-magazine-festival-des-architectures-vives2026-3-333x500.jpg 333w, https:\/\/www.adfwebmagazine.jp\/wp-content\/uploads\/2026\/04\/adf-web-magazine-festival-des-architectures-vives2026-3-467x700.jpg 467w, https:\/\/www.adfwebmagazine.jp\/wp-content\/uploads\/2026\/04\/adf-web-magazine-festival-des-architectures-vives2026-3-600x900.jpg 600w, https:\/\/www.adfwebmagazine.jp\/wp-content\/uploads\/2026\/04\/adf-web-magazine-festival-des-architectures-vives2026-3-750x1125.jpg 750w, https:\/\/www.adfwebmagazine.jp\/wp-content\/uploads\/2026\/04\/adf-web-magazine-festival-des-architectures-vives2026-3.jpg 1400w\" sizes=\"(max-width: 500px) 100vw, 500px\" \/><\/a><p id=\"caption-attachment-296589\" class=\"wp-caption-text\">PANACHE DE LUMI\u00c8RE<br>\r\nPhoto credit: Ateliers A+ : Valentin Bancarel, Marie Felipe, Eline Thibaut, Camille Le Joly, Bastien Lauras, Julie Guiraud<\/p><\/div> <div id=\"attachment_296587\" style=\"width: 510px\" class=\"wp-caption aligncenter\"><a href=\"https:\/\/www.adfwebmagazine.jp\/wp-content\/uploads\/2026\/04\/adf-web-magazine-festival-des-architectures-vives2026-24.jpg\"><img aria-describedby=\"caption-attachment-296587\" src=\"https:\/\/www.adfwebmagazine.jp\/wp-content\/uploads\/2026\/04\/adf-web-magazine-festival-des-architectures-vives2026-24-500x625.jpg\" alt=\"adf-web-magazine-festival-des-architectures-vives2026-24\" width=\"500\" height=\"625\" class=\"size-ADFwebimage500 wp-image-296587\" srcset=\"https:\/\/www.adfwebmagazine.jp\/wp-content\/uploads\/2026\/04\/adf-web-magazine-festival-des-architectures-vives2026-24-500x625.jpg 500w, https:\/\/www.adfwebmagazine.jp\/wp-content\/uploads\/2026\/04\/adf-web-magazine-festival-des-architectures-vives2026-24-240x300.jpg 240w, https:\/\/www.adfwebmagazine.jp\/wp-content\/uploads\/2026\/04\/adf-web-magazine-festival-des-architectures-vives2026-24-819x1024.jpg 819w, https:\/\/www.adfwebmagazine.jp\/wp-content\/uploads\/2026\/04\/adf-web-magazine-festival-des-architectures-vives2026-24-120x150.jpg 120w, https:\/\/www.adfwebmagazine.jp\/wp-content\/uploads\/2026\/04\/adf-web-magazine-festival-des-architectures-vives2026-24-768x960.jpg 768w, https:\/\/www.adfwebmagazine.jp\/wp-content\/uploads\/2026\/04\/adf-web-magazine-festival-des-architectures-vives2026-24-1229x1536.jpg 1229w, https:\/\/www.adfwebmagazine.jp\/wp-content\/uploads\/2026\/04\/adf-web-magazine-festival-des-architectures-vives2026-24-230x288.jpg 230w, https:\/\/www.adfwebmagazine.jp\/wp-content\/uploads\/2026\/04\/adf-web-magazine-festival-des-architectures-vives2026-24-320x400.jpg 320w, https:\/\/www.adfwebmagazine.jp\/wp-content\/uploads\/2026\/04\/adf-web-magazine-festival-des-architectures-vives2026-24-400x500.jpg 400w, https:\/\/www.adfwebmagazine.jp\/wp-content\/uploads\/2026\/04\/adf-web-magazine-festival-des-architectures-vives2026-24-560x700.jpg 560w, https:\/\/www.adfwebmagazine.jp\/wp-content\/uploads\/2026\/04\/adf-web-magazine-festival-des-architectures-vives2026-24-600x750.jpg 600w, https:\/\/www.adfwebmagazine.jp\/wp-content\/uploads\/2026\/04\/adf-web-magazine-festival-des-architectures-vives2026-24-750x938.jpg 750w, https:\/\/www.adfwebmagazine.jp\/wp-content\/uploads\/2026\/04\/adf-web-magazine-festival-des-architectures-vives2026-24.jpg 1400w\" sizes=\"(max-width: 500px) 100vw, 500px\" \/><\/a><p id=\"caption-attachment-296587\" class=\"wp-caption-text\">The two teams from the Ateliers A+<br>\r\nPhoto credit: Ateliers A+<\/p><\/div>\r\n\r\n\r\n<h5>SABLIER<\/h5>\r\n<p>Nou(e)s Collective Maxime Neuville \/ Violette Soleilhac \/ Tanguy Guyot \/ Fabien Lamy (France) \/ Mentors: Luc L\u00e9otoing \/ Chlo\u00e9 Mariey<\/p>\r\n\r\n\r\n<div id=\"attachment_296573\" style=\"width: 510px\" class=\"wp-caption aligncenter\"><a href=\"https:\/\/www.adfwebmagazine.jp\/wp-content\/uploads\/2026\/04\/adf-web-magazine-festival-des-architectures-vives2026-11.jpg\"><img aria-describedby=\"caption-attachment-296573\" src=\"https:\/\/www.adfwebmagazine.jp\/wp-content\/uploads\/2026\/04\/adf-web-magazine-festival-des-architectures-vives2026-11-500x667.jpg\" alt=\"adf-web-magazine-festival-des-architectures-vives2026-11\" width=\"500\" height=\"667\" class=\"size-ADFwebimage500 wp-image-296573\" srcset=\"https:\/\/www.adfwebmagazine.jp\/wp-content\/uploads\/2026\/04\/adf-web-magazine-festival-des-architectures-vives2026-11-500x667.jpg 500w, https:\/\/www.adfwebmagazine.jp\/wp-content\/uploads\/2026\/04\/adf-web-magazine-festival-des-architectures-vives2026-11-225x300.jpg 225w, https:\/\/www.adfwebmagazine.jp\/wp-content\/uploads\/2026\/04\/adf-web-magazine-festival-des-architectures-vives2026-11-768x1024.jpg 768w, https:\/\/www.adfwebmagazine.jp\/wp-content\/uploads\/2026\/04\/adf-web-magazine-festival-des-architectures-vives2026-11-112x150.jpg 112w, https:\/\/www.adfwebmagazine.jp\/wp-content\/uploads\/2026\/04\/adf-web-magazine-festival-des-architectures-vives2026-11-1152x1536.jpg 1152w, https:\/\/www.adfwebmagazine.jp\/wp-content\/uploads\/2026\/04\/adf-web-magazine-festival-des-architectures-vives2026-11-230x307.jpg 230w, https:\/\/www.adfwebmagazine.jp\/wp-content\/uploads\/2026\/04\/adf-web-magazine-festival-des-architectures-vives2026-11-300x400.jpg 300w, https:\/\/www.adfwebmagazine.jp\/wp-content\/uploads\/2026\/04\/adf-web-magazine-festival-des-architectures-vives2026-11-375x500.jpg 375w, https:\/\/www.adfwebmagazine.jp\/wp-content\/uploads\/2026\/04\/adf-web-magazine-festival-des-architectures-vives2026-11-525x700.jpg 525w, https:\/\/www.adfwebmagazine.jp\/wp-content\/uploads\/2026\/04\/adf-web-magazine-festival-des-architectures-vives2026-11-600x800.jpg 600w, https:\/\/www.adfwebmagazine.jp\/wp-content\/uploads\/2026\/04\/adf-web-magazine-festival-des-architectures-vives2026-11-750x1000.jpg 750w, https:\/\/www.adfwebmagazine.jp\/wp-content\/uploads\/2026\/04\/adf-web-magazine-festival-des-architectures-vives2026-11.jpg 1400w\" sizes=\"(max-width: 500px) 100vw, 500px\" \/><\/a><p id=\"caption-attachment-296573\" class=\"wp-caption-text\">SABLIER<br>\r\nPhoto credit: Nou(e)s Collective : Maxime Neuville, Violette Soleilhac, Tanguy Guyot, Fabien Lamy<\/p><\/div> <div id=\"attachment_296584\" style=\"width: 610px\" class=\"wp-caption aligncenter\"><a href=\"https:\/\/www.adfwebmagazine.jp\/wp-content\/uploads\/2026\/04\/adf-web-magazine-festival-des-architectures-vives2026-21.jpg\"><img aria-describedby=\"caption-attachment-296584\" src=\"https:\/\/www.adfwebmagazine.jp\/wp-content\/uploads\/2026\/04\/adf-web-magazine-festival-des-architectures-vives2026-21-600x600.jpg\" alt=\"adf-web-magazine-festival-des-architectures-vives2026-21\" width=\"600\" height=\"600\" class=\"size-ADFwebimage600 wp-image-296584\" srcset=\"https:\/\/www.adfwebmagazine.jp\/wp-content\/uploads\/2026\/04\/adf-web-magazine-festival-des-architectures-vives2026-21-600x600.jpg 600w, https:\/\/www.adfwebmagazine.jp\/wp-content\/uploads\/2026\/04\/adf-web-magazine-festival-des-architectures-vives2026-21-300x300.jpg 300w, https:\/\/www.adfwebmagazine.jp\/wp-content\/uploads\/2026\/04\/adf-web-magazine-festival-des-architectures-vives2026-21-1024x1024.jpg 1024w, https:\/\/www.adfwebmagazine.jp\/wp-content\/uploads\/2026\/04\/adf-web-magazine-festival-des-architectures-vives2026-21-150x150.jpg 150w, https:\/\/www.adfwebmagazine.jp\/wp-content\/uploads\/2026\/04\/adf-web-magazine-festival-des-architectures-vives2026-21-768x768.jpg 768w, https:\/\/www.adfwebmagazine.jp\/wp-content\/uploads\/2026\/04\/adf-web-magazine-festival-des-architectures-vives2026-21-230x230.jpg 230w, https:\/\/www.adfwebmagazine.jp\/wp-content\/uploads\/2026\/04\/adf-web-magazine-festival-des-architectures-vives2026-21-400x400.jpg 400w, https:\/\/www.adfwebmagazine.jp\/wp-content\/uploads\/2026\/04\/adf-web-magazine-festival-des-architectures-vives2026-21-500x500.jpg 500w, https:\/\/www.adfwebmagazine.jp\/wp-content\/uploads\/2026\/04\/adf-web-magazine-festival-des-architectures-vives2026-21-700x700.jpg 700w, https:\/\/www.adfwebmagazine.jp\/wp-content\/uploads\/2026\/04\/adf-web-magazine-festival-des-architectures-vives2026-21-750x750.jpg 750w, https:\/\/www.adfwebmagazine.jp\/wp-content\/uploads\/2026\/04\/adf-web-magazine-festival-des-architectures-vives2026-21-125x125.jpg 125w, https:\/\/www.adfwebmagazine.jp\/wp-content\/uploads\/2026\/04\/adf-web-magazine-festival-des-architectures-vives2026-21.jpg 1400w\" sizes=\"(max-width: 600px) 100vw, 600px\" \/><\/a><p id=\"caption-attachment-296584\" class=\"wp-caption-text\">Nou(e)s Collective : Maxime Neuville, Violette Soleilhac, Tanguy Guyot, Fabien Lamy<br>\r\nPhoto credit: Nou(e)s Collective<\/p><\/div>\r\n\r\n\r\n<h5>TRANSPH\u00c8RES<\/h5>\r\n<p>Atelier Mousqueton Valentine Geoffroy \/ Delphine Lecomte (Bordeaux, France) \/ Mentor: Moonwalk Local<\/p>\r\n\r\n\r\n<div id=\"attachment_296582\" style=\"width: 510px\" class=\"wp-caption aligncenter\"><a href=\"https:\/\/www.adfwebmagazine.jp\/wp-content\/uploads\/2026\/04\/adf-web-magazine-festival-des-architectures-vives2026-2.jpg\"><img aria-describedby=\"caption-attachment-296582\" src=\"https:\/\/www.adfwebmagazine.jp\/wp-content\/uploads\/2026\/04\/adf-web-magazine-festival-des-architectures-vives2026-2-500x528.jpg\" alt=\"adf-web-magazine-festival-des-architectures-vives2026-2\" width=\"500\" height=\"528\" class=\"size-ADFwebimage500 wp-image-296582\" srcset=\"https:\/\/www.adfwebmagazine.jp\/wp-content\/uploads\/2026\/04\/adf-web-magazine-festival-des-architectures-vives2026-2-500x528.jpg 500w, https:\/\/www.adfwebmagazine.jp\/wp-content\/uploads\/2026\/04\/adf-web-magazine-festival-des-architectures-vives2026-2-284x300.jpg 284w, https:\/\/www.adfwebmagazine.jp\/wp-content\/uploads\/2026\/04\/adf-web-magazine-festival-des-architectures-vives2026-2-969x1024.jpg 969w, https:\/\/www.adfwebmagazine.jp\/wp-content\/uploads\/2026\/04\/adf-web-magazine-festival-des-architectures-vives2026-2-142x150.jpg 142w, https:\/\/www.adfwebmagazine.jp\/wp-content\/uploads\/2026\/04\/adf-web-magazine-festival-des-architectures-vives2026-2-768x811.jpg 768w, https:\/\/www.adfwebmagazine.jp\/wp-content\/uploads\/2026\/04\/adf-web-magazine-festival-des-architectures-vives2026-2-230x243.jpg 230w, https:\/\/www.adfwebmagazine.jp\/wp-content\/uploads\/2026\/04\/adf-web-magazine-festival-des-architectures-vives2026-2-379x400.jpg 379w, https:\/\/www.adfwebmagazine.jp\/wp-content\/uploads\/2026\/04\/adf-web-magazine-festival-des-architectures-vives2026-2-473x500.jpg 473w, https:\/\/www.adfwebmagazine.jp\/wp-content\/uploads\/2026\/04\/adf-web-magazine-festival-des-architectures-vives2026-2-663x700.jpg 663w, https:\/\/www.adfwebmagazine.jp\/wp-content\/uploads\/2026\/04\/adf-web-magazine-festival-des-architectures-vives2026-2-600x634.jpg 600w, https:\/\/www.adfwebmagazine.jp\/wp-content\/uploads\/2026\/04\/adf-web-magazine-festival-des-architectures-vives2026-2-750x792.jpg 750w, https:\/\/www.adfwebmagazine.jp\/wp-content\/uploads\/2026\/04\/adf-web-magazine-festival-des-architectures-vives2026-2.jpg 1400w\" sizes=\"(max-width: 500px) 100vw, 500px\" \/><\/a><p id=\"caption-attachment-296582\" class=\"wp-caption-text\">TRANSPH\u00c8RES<br>\r\nPhoto credit: Atelier Mousqueton : Valentine Geoffroy &amp; Delphine Lecomte<\/p><\/div> <div id=\"attachment_296581\" style=\"width: 510px\" class=\"wp-caption aligncenter\"><a href=\"https:\/\/www.adfwebmagazine.jp\/wp-content\/uploads\/2026\/04\/adf-web-magazine-festival-des-architectures-vives2026-19.jpg\"><img aria-describedby=\"caption-attachment-296581\" src=\"https:\/\/www.adfwebmagazine.jp\/wp-content\/uploads\/2026\/04\/adf-web-magazine-festival-des-architectures-vives2026-19-500x750.jpg\" alt=\"adf-web-magazine-festival-des-architectures-vives2026-19\" width=\"500\" height=\"750\" class=\"size-ADFwebimage500 wp-image-296581\" srcset=\"https:\/\/www.adfwebmagazine.jp\/wp-content\/uploads\/2026\/04\/adf-web-magazine-festival-des-architectures-vives2026-19-500x750.jpg 500w, https:\/\/www.adfwebmagazine.jp\/wp-content\/uploads\/2026\/04\/adf-web-magazine-festival-des-architectures-vives2026-19-200x300.jpg 200w, https:\/\/www.adfwebmagazine.jp\/wp-content\/uploads\/2026\/04\/adf-web-magazine-festival-des-architectures-vives2026-19-683x1024.jpg 683w, https:\/\/www.adfwebmagazine.jp\/wp-content\/uploads\/2026\/04\/adf-web-magazine-festival-des-architectures-vives2026-19-100x150.jpg 100w, https:\/\/www.adfwebmagazine.jp\/wp-content\/uploads\/2026\/04\/adf-web-magazine-festival-des-architectures-vives2026-19-768x1152.jpg 768w, https:\/\/www.adfwebmagazine.jp\/wp-content\/uploads\/2026\/04\/adf-web-magazine-festival-des-architectures-vives2026-19-1024x1536.jpg 1024w, https:\/\/www.adfwebmagazine.jp\/wp-content\/uploads\/2026\/04\/adf-web-magazine-festival-des-architectures-vives2026-19-1365x2048.jpg 1365w, https:\/\/www.adfwebmagazine.jp\/wp-content\/uploads\/2026\/04\/adf-web-magazine-festival-des-architectures-vives2026-19-230x345.jpg 230w, https:\/\/www.adfwebmagazine.jp\/wp-content\/uploads\/2026\/04\/adf-web-magazine-festival-des-architectures-vives2026-19-267x400.jpg 267w, https:\/\/www.adfwebmagazine.jp\/wp-content\/uploads\/2026\/04\/adf-web-magazine-festival-des-architectures-vives2026-19-333x500.jpg 333w, https:\/\/www.adfwebmagazine.jp\/wp-content\/uploads\/2026\/04\/adf-web-magazine-festival-des-architectures-vives2026-19-467x700.jpg 467w, https:\/\/www.adfwebmagazine.jp\/wp-content\/uploads\/2026\/04\/adf-web-magazine-festival-des-architectures-vives2026-19-600x900.jpg 600w, https:\/\/www.adfwebmagazine.jp\/wp-content\/uploads\/2026\/04\/adf-web-magazine-festival-des-architectures-vives2026-19-750x1125.jpg 750w, https:\/\/www.adfwebmagazine.jp\/wp-content\/uploads\/2026\/04\/adf-web-magazine-festival-des-architectures-vives2026-19.jpg 1400w\" sizes=\"(max-width: 500px) 100vw, 500px\" \/><\/a><p id=\"caption-attachment-296581\" class=\"wp-caption-text\">Atelier Mousqueton : Valentine Geoffroy &amp; Delphine Lecomte<br>\r\nPhoto credit: Atelier Mousqueton<\/p><\/div>\r\n\r\n\r\n<h5>VERTIGO<\/h5>\r\n<p>Ateliers A+ Axelle Le Letty \/ Eva Richez \/ Ayyoub Mazouz \/ Jules Rousset \/ Hugo Corsig \/ Valentin Lagarde (Montpellier, France) \/ Mentors: Ateliers A+<\/p>\r\n\r\n\r\n<div id=\"attachment_296571\" style=\"width: 510px\" class=\"wp-caption aligncenter\"><a href=\"https:\/\/www.adfwebmagazine.jp\/wp-content\/uploads\/2026\/04\/adf-web-magazine-festival-des-architectures-vives2026-1.jpg\"><img aria-describedby=\"caption-attachment-296571\" src=\"https:\/\/www.adfwebmagazine.jp\/wp-content\/uploads\/2026\/04\/adf-web-magazine-festival-des-architectures-vives2026-1-500x629.jpg\" alt=\"adf-web-magazine-festival-des-architectures-vives2026-1\" width=\"500\" height=\"629\" class=\"wp-image-296571 size-ADFwebimage500\" srcset=\"https:\/\/www.adfwebmagazine.jp\/wp-content\/uploads\/2026\/04\/adf-web-magazine-festival-des-architectures-vives2026-1-500x629.jpg 500w, https:\/\/www.adfwebmagazine.jp\/wp-content\/uploads\/2026\/04\/adf-web-magazine-festival-des-architectures-vives2026-1-238x300.jpg 238w, https:\/\/www.adfwebmagazine.jp\/wp-content\/uploads\/2026\/04\/adf-web-magazine-festival-des-architectures-vives2026-1-814x1024.jpg 814w, https:\/\/www.adfwebmagazine.jp\/wp-content\/uploads\/2026\/04\/adf-web-magazine-festival-des-architectures-vives2026-1-119x150.jpg 119w, https:\/\/www.adfwebmagazine.jp\/wp-content\/uploads\/2026\/04\/adf-web-magazine-festival-des-architectures-vives2026-1-768x967.jpg 768w, https:\/\/www.adfwebmagazine.jp\/wp-content\/uploads\/2026\/04\/adf-web-magazine-festival-des-architectures-vives2026-1-1220x1536.jpg 1220w, https:\/\/www.adfwebmagazine.jp\/wp-content\/uploads\/2026\/04\/adf-web-magazine-festival-des-architectures-vives2026-1-230x289.jpg 230w, https:\/\/www.adfwebmagazine.jp\/wp-content\/uploads\/2026\/04\/adf-web-magazine-festival-des-architectures-vives2026-1-318x400.jpg 318w, https:\/\/www.adfwebmagazine.jp\/wp-content\/uploads\/2026\/04\/adf-web-magazine-festival-des-architectures-vives2026-1-397x500.jpg 397w, https:\/\/www.adfwebmagazine.jp\/wp-content\/uploads\/2026\/04\/adf-web-magazine-festival-des-architectures-vives2026-1-556x700.jpg 556w, https:\/\/www.adfwebmagazine.jp\/wp-content\/uploads\/2026\/04\/adf-web-magazine-festival-des-architectures-vives2026-1-600x755.jpg 600w, https:\/\/www.adfwebmagazine.jp\/wp-content\/uploads\/2026\/04\/adf-web-magazine-festival-des-architectures-vives2026-1-750x944.jpg 750w, https:\/\/www.adfwebmagazine.jp\/wp-content\/uploads\/2026\/04\/adf-web-magazine-festival-des-architectures-vives2026-1.jpg 1400w\" sizes=\"(max-width: 500px) 100vw, 500px\" \/><\/a><p id=\"caption-attachment-296571\" class=\"wp-caption-text\">VERTIGO Photo credit: Ateliers A+ : Axelle Le Letty, Eva Richez, Ayyoub Mazouz, Jules Rousset, Hugo Corsig, Valentin Lagarde<\/p><\/div> <div id=\"attachment_296587\" style=\"width: 510px\" class=\"wp-caption aligncenter\"><a href=\"https:\/\/www.adfwebmagazine.jp\/wp-content\/uploads\/2026\/04\/adf-web-magazine-festival-des-architectures-vives2026-24.jpg\"><img aria-describedby=\"caption-attachment-296587\" src=\"https:\/\/www.adfwebmagazine.jp\/wp-content\/uploads\/2026\/04\/adf-web-magazine-festival-des-architectures-vives2026-24-500x625.jpg\" alt=\"adf-web-magazine-festival-des-architectures-vives2026-24\" width=\"500\" height=\"625\" class=\"size-ADFwebimage500 wp-image-296587\" srcset=\"https:\/\/www.adfwebmagazine.jp\/wp-content\/uploads\/2026\/04\/adf-web-magazine-festival-des-architectures-vives2026-24-500x625.jpg 500w, https:\/\/www.adfwebmagazine.jp\/wp-content\/uploads\/2026\/04\/adf-web-magazine-festival-des-architectures-vives2026-24-240x300.jpg 240w, https:\/\/www.adfwebmagazine.jp\/wp-content\/uploads\/2026\/04\/adf-web-magazine-festival-des-architectures-vives2026-24-819x1024.jpg 819w, https:\/\/www.adfwebmagazine.jp\/wp-content\/uploads\/2026\/04\/adf-web-magazine-festival-des-architectures-vives2026-24-120x150.jpg 120w, https:\/\/www.adfwebmagazine.jp\/wp-content\/uploads\/2026\/04\/adf-web-magazine-festival-des-architectures-vives2026-24-768x960.jpg 768w, https:\/\/www.adfwebmagazine.jp\/wp-content\/uploads\/2026\/04\/adf-web-magazine-festival-des-architectures-vives2026-24-1229x1536.jpg 1229w, https:\/\/www.adfwebmagazine.jp\/wp-content\/uploads\/2026\/04\/adf-web-magazine-festival-des-architectures-vives2026-24-230x288.jpg 230w, https:\/\/www.adfwebmagazine.jp\/wp-content\/uploads\/2026\/04\/adf-web-magazine-festival-des-architectures-vives2026-24-320x400.jpg 320w, https:\/\/www.adfwebmagazine.jp\/wp-content\/uploads\/2026\/04\/adf-web-magazine-festival-des-architectures-vives2026-24-400x500.jpg 400w, https:\/\/www.adfwebmagazine.jp\/wp-content\/uploads\/2026\/04\/adf-web-magazine-festival-des-architectures-vives2026-24-560x700.jpg 560w, https:\/\/www.adfwebmagazine.jp\/wp-content\/uploads\/2026\/04\/adf-web-magazine-festival-des-architectures-vives2026-24-600x750.jpg 600w, https:\/\/www.adfwebmagazine.jp\/wp-content\/uploads\/2026\/04\/adf-web-magazine-festival-des-architectures-vives2026-24-750x938.jpg 750w, https:\/\/www.adfwebmagazine.jp\/wp-content\/uploads\/2026\/04\/adf-web-magazine-festival-des-architectures-vives2026-24.jpg 1400w\" sizes=\"(max-width: 500px) 100vw, 500px\" \/><\/a><p id=\"caption-attachment-296587\" class=\"wp-caption-text\">The two teams from the Ateliers A+<br>\r\nPhoto credit: Ateliers A+<\/p><\/div>\r\n\r\n\r\n<h5>LA LYRE ET LA COURONNE<\/h5>\r\n<p>Est\u00e9ban Le Magnen (Paris, France) \/ Mentor: R\u00e9gis Roudil<\/p>\r\n\r\n\r\n<div id=\"attachment_296594\" style=\"width: 760px\" class=\"wp-caption aligncenter\"><a href=\"https:\/\/www.adfwebmagazine.jp\/wp-content\/uploads\/2026\/04\/adf-web-magazine-festival-des-architectures-vives2026-8.jpg\"><img aria-describedby=\"caption-attachment-296594\" src=\"https:\/\/www.adfwebmagazine.jp\/wp-content\/uploads\/2026\/04\/adf-web-magazine-festival-des-architectures-vives2026-8-750x418.jpg\" alt=\"adf-web-magazine-festival-des-architectures-vives2026-8\" width=\"750\" height=\"418\" class=\"size-ADFwebimage999 wp-image-296594\" srcset=\"https:\/\/www.adfwebmagazine.jp\/wp-content\/uploads\/2026\/04\/adf-web-magazine-festival-des-architectures-vives2026-8-750x418.jpg 750w, https:\/\/www.adfwebmagazine.jp\/wp-content\/uploads\/2026\/04\/adf-web-magazine-festival-des-architectures-vives2026-8-300x167.jpg 300w, https:\/\/www.adfwebmagazine.jp\/wp-content\/uploads\/2026\/04\/adf-web-magazine-festival-des-architectures-vives2026-8-1024x571.jpg 1024w, https:\/\/www.adfwebmagazine.jp\/wp-content\/uploads\/2026\/04\/adf-web-magazine-festival-des-architectures-vives2026-8-150x84.jpg 150w, https:\/\/www.adfwebmagazine.jp\/wp-content\/uploads\/2026\/04\/adf-web-magazine-festival-des-architectures-vives2026-8-768x428.jpg 768w, https:\/\/www.adfwebmagazine.jp\/wp-content\/uploads\/2026\/04\/adf-web-magazine-festival-des-architectures-vives2026-8-230x128.jpg 230w, https:\/\/www.adfwebmagazine.jp\/wp-content\/uploads\/2026\/04\/adf-web-magazine-festival-des-architectures-vives2026-8-717x400.jpg 717w, https:\/\/www.adfwebmagazine.jp\/wp-content\/uploads\/2026\/04\/adf-web-magazine-festival-des-architectures-vives2026-8-896x500.jpg 896w, https:\/\/www.adfwebmagazine.jp\/wp-content\/uploads\/2026\/04\/adf-web-magazine-festival-des-architectures-vives2026-8-1255x700.jpg 1255w, https:\/\/www.adfwebmagazine.jp\/wp-content\/uploads\/2026\/04\/adf-web-magazine-festival-des-architectures-vives2026-8-500x279.jpg 500w, https:\/\/www.adfwebmagazine.jp\/wp-content\/uploads\/2026\/04\/adf-web-magazine-festival-des-architectures-vives2026-8-600x335.jpg 600w, https:\/\/www.adfwebmagazine.jp\/wp-content\/uploads\/2026\/04\/adf-web-magazine-festival-des-architectures-vives2026-8.jpg 1400w\" sizes=\"(max-width: 750px) 100vw, 750px\" \/><\/a><p id=\"caption-attachment-296594\" class=\"wp-caption-text\">LA LYRE ET LA COURONNE<br>\r\nPhoto credit: Est\u00e9ban Le Magnen<\/p><\/div> <div id=\"attachment_296577\" style=\"width: 760px\" class=\"wp-caption aligncenter\"><a href=\"https:\/\/www.adfwebmagazine.jp\/wp-content\/uploads\/2026\/04\/adf-web-magazine-festival-des-architectures-vives2026-15.jpg\"><img aria-describedby=\"caption-attachment-296577\" src=\"https:\/\/www.adfwebmagazine.jp\/wp-content\/uploads\/2026\/04\/adf-web-magazine-festival-des-architectures-vives2026-15-750x497.jpg\" alt=\"adf-web-magazine-festival-des-architectures-vives2026-15\" width=\"750\" height=\"497\" class=\"size-ADFwebimage999 wp-image-296577\" srcset=\"https:\/\/www.adfwebmagazine.jp\/wp-content\/uploads\/2026\/04\/adf-web-magazine-festival-des-architectures-vives2026-15-750x497.jpg 750w, https:\/\/www.adfwebmagazine.jp\/wp-content\/uploads\/2026\/04\/adf-web-magazine-festival-des-architectures-vives2026-15-300x199.jpg 300w, https:\/\/www.adfwebmagazine.jp\/wp-content\/uploads\/2026\/04\/adf-web-magazine-festival-des-architectures-vives2026-15-1024x678.jpg 1024w, https:\/\/www.adfwebmagazine.jp\/wp-content\/uploads\/2026\/04\/adf-web-magazine-festival-des-architectures-vives2026-15-150x99.jpg 150w, https:\/\/www.adfwebmagazine.jp\/wp-content\/uploads\/2026\/04\/adf-web-magazine-festival-des-architectures-vives2026-15-768x509.jpg 768w, https:\/\/www.adfwebmagazine.jp\/wp-content\/uploads\/2026\/04\/adf-web-magazine-festival-des-architectures-vives2026-15-230x152.jpg 230w, https:\/\/www.adfwebmagazine.jp\/wp-content\/uploads\/2026\/04\/adf-web-magazine-festival-des-architectures-vives2026-15-604x400.jpg 604w, https:\/\/www.adfwebmagazine.jp\/wp-content\/uploads\/2026\/04\/adf-web-magazine-festival-des-architectures-vives2026-15-755x500.jpg 755w, https:\/\/www.adfwebmagazine.jp\/wp-content\/uploads\/2026\/04\/adf-web-magazine-festival-des-architectures-vives2026-15-1057x700.jpg 1057w, https:\/\/www.adfwebmagazine.jp\/wp-content\/uploads\/2026\/04\/adf-web-magazine-festival-des-architectures-vives2026-15-500x331.jpg 500w, https:\/\/www.adfwebmagazine.jp\/wp-content\/uploads\/2026\/04\/adf-web-magazine-festival-des-architectures-vives2026-15-600x397.jpg 600w, https:\/\/www.adfwebmagazine.jp\/wp-content\/uploads\/2026\/04\/adf-web-magazine-festival-des-architectures-vives2026-15-100x65.jpg 100w, https:\/\/www.adfwebmagazine.jp\/wp-content\/uploads\/2026\/04\/adf-web-magazine-festival-des-architectures-vives2026-15-360x240.jpg 360w, https:\/\/www.adfwebmagazine.jp\/wp-content\/uploads\/2026\/04\/adf-web-magazine-festival-des-architectures-vives2026-15.jpg 1400w\" sizes=\"(max-width: 750px) 100vw, 750px\" \/><\/a><p id=\"caption-attachment-296577\" class=\"wp-caption-text\">Est\u00e9ban Le Magnen<br>\r\nPhoto credit:<br>\r\nEst\u00e9ban Le Magnen<\/p><\/div>\r\n\r\n\r\n<h5>M\u00c2T TIERS<\/h5>\r\n<p>Calada architectes Zo\u00e9 Dalloni \/ \u00c9lodie Arti\u00e8res \/ Atelier Moschata Rapha\u00ebl Contesso (Nice, France) \/ Mentors: Ateliers O S Architectes<\/p>\r\n\r\n\r\n<div id=\"attachment_296590\" style=\"width: 510px\" class=\"wp-caption aligncenter\"><a href=\"https:\/\/www.adfwebmagazine.jp\/wp-content\/uploads\/2026\/04\/adf-web-magazine-festival-des-architectures-vives2026-4.jpg\"><img aria-describedby=\"caption-attachment-296590\" src=\"https:\/\/www.adfwebmagazine.jp\/wp-content\/uploads\/2026\/04\/adf-web-magazine-festival-des-architectures-vives2026-4-500x628.jpg\" alt=\"adf-web-magazine-festival-des-architectures-vives2026-4\" width=\"500\" height=\"628\" class=\"size-ADFwebimage500 wp-image-296590\" srcset=\"https:\/\/www.adfwebmagazine.jp\/wp-content\/uploads\/2026\/04\/adf-web-magazine-festival-des-architectures-vives2026-4-500x628.jpg 500w, https:\/\/www.adfwebmagazine.jp\/wp-content\/uploads\/2026\/04\/adf-web-magazine-festival-des-architectures-vives2026-4-239x300.jpg 239w, https:\/\/www.adfwebmagazine.jp\/wp-content\/uploads\/2026\/04\/adf-web-magazine-festival-des-architectures-vives2026-4-815x1024.jpg 815w, https:\/\/www.adfwebmagazine.jp\/wp-content\/uploads\/2026\/04\/adf-web-magazine-festival-des-architectures-vives2026-4-119x150.jpg 119w, https:\/\/www.adfwebmagazine.jp\/wp-content\/uploads\/2026\/04\/adf-web-magazine-festival-des-architectures-vives2026-4-768x965.jpg 768w, https:\/\/www.adfwebmagazine.jp\/wp-content\/uploads\/2026\/04\/adf-web-magazine-festival-des-architectures-vives2026-4-1223x1536.jpg 1223w, https:\/\/www.adfwebmagazine.jp\/wp-content\/uploads\/2026\/04\/adf-web-magazine-festival-des-architectures-vives2026-4-230x289.jpg 230w, https:\/\/www.adfwebmagazine.jp\/wp-content\/uploads\/2026\/04\/adf-web-magazine-festival-des-architectures-vives2026-4-318x400.jpg 318w, https:\/\/www.adfwebmagazine.jp\/wp-content\/uploads\/2026\/04\/adf-web-magazine-festival-des-architectures-vives2026-4-398x500.jpg 398w, https:\/\/www.adfwebmagazine.jp\/wp-content\/uploads\/2026\/04\/adf-web-magazine-festival-des-architectures-vives2026-4-557x700.jpg 557w, https:\/\/www.adfwebmagazine.jp\/wp-content\/uploads\/2026\/04\/adf-web-magazine-festival-des-architectures-vives2026-4-600x754.jpg 600w, https:\/\/www.adfwebmagazine.jp\/wp-content\/uploads\/2026\/04\/adf-web-magazine-festival-des-architectures-vives2026-4-750x942.jpg 750w, https:\/\/www.adfwebmagazine.jp\/wp-content\/uploads\/2026\/04\/adf-web-magazine-festival-des-architectures-vives2026-4.jpg 1400w\" sizes=\"(max-width: 500px) 100vw, 500px\" \/><\/a><p id=\"caption-attachment-296590\" class=\"wp-caption-text\">M\u00c2T-TIERS<br>\r\nPhoto credit: Calada architectes (Zo\u00e9 Dalloni, \u00c9lodie Arti\u00e8res) &amp; Atelier Moschata (Rapha\u00ebl Contesso)<\/p><\/div> <div id=\"attachment_296580\" style=\"width: 510px\" class=\"wp-caption aligncenter\"><a href=\"https:\/\/www.adfwebmagazine.jp\/wp-content\/uploads\/2026\/04\/adf-web-magazine-festival-des-architectures-vives2026-18.jpg\"><img aria-describedby=\"caption-attachment-296580\" src=\"https:\/\/www.adfwebmagazine.jp\/wp-content\/uploads\/2026\/04\/adf-web-magazine-festival-des-architectures-vives2026-18-500x667.jpg\" alt=\"adf-web-magazine-festival-des-architectures-vives2026-18\" width=\"500\" height=\"667\" class=\"size-ADFwebimage500 wp-image-296580\" srcset=\"https:\/\/www.adfwebmagazine.jp\/wp-content\/uploads\/2026\/04\/adf-web-magazine-festival-des-architectures-vives2026-18-500x667.jpg 500w, https:\/\/www.adfwebmagazine.jp\/wp-content\/uploads\/2026\/04\/adf-web-magazine-festival-des-architectures-vives2026-18-225x300.jpg 225w, https:\/\/www.adfwebmagazine.jp\/wp-content\/uploads\/2026\/04\/adf-web-magazine-festival-des-architectures-vives2026-18-768x1024.jpg 768w, https:\/\/www.adfwebmagazine.jp\/wp-content\/uploads\/2026\/04\/adf-web-magazine-festival-des-architectures-vives2026-18-112x150.jpg 112w, https:\/\/www.adfwebmagazine.jp\/wp-content\/uploads\/2026\/04\/adf-web-magazine-festival-des-architectures-vives2026-18-1152x1536.jpg 1152w, https:\/\/www.adfwebmagazine.jp\/wp-content\/uploads\/2026\/04\/adf-web-magazine-festival-des-architectures-vives2026-18-230x307.jpg 230w, https:\/\/www.adfwebmagazine.jp\/wp-content\/uploads\/2026\/04\/adf-web-magazine-festival-des-architectures-vives2026-18-300x400.jpg 300w, https:\/\/www.adfwebmagazine.jp\/wp-content\/uploads\/2026\/04\/adf-web-magazine-festival-des-architectures-vives2026-18-375x500.jpg 375w, https:\/\/www.adfwebmagazine.jp\/wp-content\/uploads\/2026\/04\/adf-web-magazine-festival-des-architectures-vives2026-18-525x700.jpg 525w, https:\/\/www.adfwebmagazine.jp\/wp-content\/uploads\/2026\/04\/adf-web-magazine-festival-des-architectures-vives2026-18-600x800.jpg 600w, https:\/\/www.adfwebmagazine.jp\/wp-content\/uploads\/2026\/04\/adf-web-magazine-festival-des-architectures-vives2026-18-750x1000.jpg 750w, https:\/\/www.adfwebmagazine.jp\/wp-content\/uploads\/2026\/04\/adf-web-magazine-festival-des-architectures-vives2026-18.jpg 1400w\" sizes=\"(max-width: 500px) 100vw, 500px\" \/><\/a><p id=\"caption-attachment-296580\" class=\"wp-caption-text\">Calada architectes (Zo\u00e9 Dalloni, \u00c9lodie Arti\u00e8res) &amp; Atelier Moschata (Rapha\u00ebl Contesso)<br>\r\nPhoto credit: Calada architectes &amp; Atelier Moschata<\/p><\/div>\r\n\r\n\r\n<h5>LE SENS DU D\u00c9TAIL<\/h5>\r\n<p>Guillaume Debeze \/ Amandine Courtaillac (Montpellier, France) \/ Mentors: \u00c9lodie Nourrigat \/ Jacques Brion<\/p>\r\n\r\n\r\n<div id=\"attachment_296593\" style=\"width: 510px\" class=\"wp-caption aligncenter\"><a href=\"https:\/\/www.adfwebmagazine.jp\/wp-content\/uploads\/2026\/04\/adf-web-magazine-festival-des-architectures-vives2026-7.jpg\"><img aria-describedby=\"caption-attachment-296593\" src=\"https:\/\/www.adfwebmagazine.jp\/wp-content\/uploads\/2026\/04\/adf-web-magazine-festival-des-architectures-vives2026-7-500x540.jpg\" alt=\"adf-web-magazine-festival-des-architectures-vives2026-7\" width=\"500\" height=\"540\" class=\"size-ADFwebimage500 wp-image-296593\" srcset=\"https:\/\/www.adfwebmagazine.jp\/wp-content\/uploads\/2026\/04\/adf-web-magazine-festival-des-architectures-vives2026-7-500x540.jpg 500w, https:\/\/www.adfwebmagazine.jp\/wp-content\/uploads\/2026\/04\/adf-web-magazine-festival-des-architectures-vives2026-7-278x300.jpg 278w, https:\/\/www.adfwebmagazine.jp\/wp-content\/uploads\/2026\/04\/adf-web-magazine-festival-des-architectures-vives2026-7-948x1024.jpg 948w, https:\/\/www.adfwebmagazine.jp\/wp-content\/uploads\/2026\/04\/adf-web-magazine-festival-des-architectures-vives2026-7-139x150.jpg 139w, https:\/\/www.adfwebmagazine.jp\/wp-content\/uploads\/2026\/04\/adf-web-magazine-festival-des-architectures-vives2026-7-768x830.jpg 768w, https:\/\/www.adfwebmagazine.jp\/wp-content\/uploads\/2026\/04\/adf-web-magazine-festival-des-architectures-vives2026-7-230x249.jpg 230w, https:\/\/www.adfwebmagazine.jp\/wp-content\/uploads\/2026\/04\/adf-web-magazine-festival-des-architectures-vives2026-7-370x400.jpg 370w, https:\/\/www.adfwebmagazine.jp\/wp-content\/uploads\/2026\/04\/adf-web-magazine-festival-des-architectures-vives2026-7-463x500.jpg 463w, https:\/\/www.adfwebmagazine.jp\/wp-content\/uploads\/2026\/04\/adf-web-magazine-festival-des-architectures-vives2026-7-648x700.jpg 648w, https:\/\/www.adfwebmagazine.jp\/wp-content\/uploads\/2026\/04\/adf-web-magazine-festival-des-architectures-vives2026-7-600x648.jpg 600w, https:\/\/www.adfwebmagazine.jp\/wp-content\/uploads\/2026\/04\/adf-web-magazine-festival-des-architectures-vives2026-7-750x811.jpg 750w, https:\/\/www.adfwebmagazine.jp\/wp-content\/uploads\/2026\/04\/adf-web-magazine-festival-des-architectures-vives2026-7.jpg 1400w\" sizes=\"(max-width: 500px) 100vw, 500px\" \/><\/a><p id=\"caption-attachment-296593\" class=\"wp-caption-text\">LE SENS DU D\u00c9TAIL<br>\r\nPhoto credit: Guillaume Debeze &amp; Amandine Courtaillac<\/p><\/div> <div id=\"attachment_296579\" style=\"width: 510px\" class=\"wp-caption aligncenter\"><a href=\"https:\/\/www.adfwebmagazine.jp\/wp-content\/uploads\/2026\/04\/adf-web-magazine-festival-des-architectures-vives2026-17.jpg\"><img aria-describedby=\"caption-attachment-296579\" src=\"https:\/\/www.adfwebmagazine.jp\/wp-content\/uploads\/2026\/04\/adf-web-magazine-festival-des-architectures-vives2026-17-500x656.jpg\" alt=\"adf-web-magazine-festival-des-architectures-vives2026-17\" width=\"500\" height=\"656\" class=\"size-ADFwebimage500 wp-image-296579\" srcset=\"https:\/\/www.adfwebmagazine.jp\/wp-content\/uploads\/2026\/04\/adf-web-magazine-festival-des-architectures-vives2026-17-500x656.jpg 500w, https:\/\/www.adfwebmagazine.jp\/wp-content\/uploads\/2026\/04\/adf-web-magazine-festival-des-architectures-vives2026-17-229x300.jpg 229w, https:\/\/www.adfwebmagazine.jp\/wp-content\/uploads\/2026\/04\/adf-web-magazine-festival-des-architectures-vives2026-17-780x1024.jpg 780w, https:\/\/www.adfwebmagazine.jp\/wp-content\/uploads\/2026\/04\/adf-web-magazine-festival-des-architectures-vives2026-17-114x150.jpg 114w, https:\/\/www.adfwebmagazine.jp\/wp-content\/uploads\/2026\/04\/adf-web-magazine-festival-des-architectures-vives2026-17-768x1008.jpg 768w, https:\/\/www.adfwebmagazine.jp\/wp-content\/uploads\/2026\/04\/adf-web-magazine-festival-des-architectures-vives2026-17-1170x1536.jpg 1170w, https:\/\/www.adfwebmagazine.jp\/wp-content\/uploads\/2026\/04\/adf-web-magazine-festival-des-architectures-vives2026-17-230x302.jpg 230w, https:\/\/www.adfwebmagazine.jp\/wp-content\/uploads\/2026\/04\/adf-web-magazine-festival-des-architectures-vives2026-17-305x400.jpg 305w, https:\/\/www.adfwebmagazine.jp\/wp-content\/uploads\/2026\/04\/adf-web-magazine-festival-des-architectures-vives2026-17-381x500.jpg 381w, https:\/\/www.adfwebmagazine.jp\/wp-content\/uploads\/2026\/04\/adf-web-magazine-festival-des-architectures-vives2026-17-533x700.jpg 533w, https:\/\/www.adfwebmagazine.jp\/wp-content\/uploads\/2026\/04\/adf-web-magazine-festival-des-architectures-vives2026-17-600x788.jpg 600w, https:\/\/www.adfwebmagazine.jp\/wp-content\/uploads\/2026\/04\/adf-web-magazine-festival-des-architectures-vives2026-17-750x985.jpg 750w, https:\/\/www.adfwebmagazine.jp\/wp-content\/uploads\/2026\/04\/adf-web-magazine-festival-des-architectures-vives2026-17.jpg 1400w\" sizes=\"(max-width: 500px) 100vw, 500px\" \/><\/a><p id=\"caption-attachment-296579\" class=\"wp-caption-text\">Guillaume Debeze &amp; Amandine Courtaillac<br>\r\nPhoto credit: Guillaume Debeze &amp; Amandine Courtaillac<\/p><\/div>\r\n\r\n\r\n<h5>POP UP PAVILION T\u00c9ISSER<\/h5>\r\n<p>Laetitia Rejany \/ Iacha Perget (Montpellier, France) \/ Mentors: \u00c9lodie Nourrigat \/ Jacques Brion<\/p>\r\n\r\n\r\n<div id=\"attachment_296575\" style=\"width: 760px\" class=\"wp-caption aligncenter\"><a href=\"https:\/\/www.adfwebmagazine.jp\/wp-content\/uploads\/2026\/04\/adf-web-magazine-festival-des-architectures-vives2026-13.jpg\"><img aria-describedby=\"caption-attachment-296575\" src=\"https:\/\/www.adfwebmagazine.jp\/wp-content\/uploads\/2026\/04\/adf-web-magazine-festival-des-architectures-vives2026-13-750x422.jpg\" alt=\"adf-web-magazine-festival-des-architectures-vives2026-13\" width=\"750\" height=\"422\" class=\"size-ADFwebimage999 wp-image-296575\" srcset=\"https:\/\/www.adfwebmagazine.jp\/wp-content\/uploads\/2026\/04\/adf-web-magazine-festival-des-architectures-vives2026-13-750x422.jpg 750w, https:\/\/www.adfwebmagazine.jp\/wp-content\/uploads\/2026\/04\/adf-web-magazine-festival-des-architectures-vives2026-13-300x169.jpg 300w, https:\/\/www.adfwebmagazine.jp\/wp-content\/uploads\/2026\/04\/adf-web-magazine-festival-des-architectures-vives2026-13-1024x576.jpg 1024w, https:\/\/www.adfwebmagazine.jp\/wp-content\/uploads\/2026\/04\/adf-web-magazine-festival-des-architectures-vives2026-13-150x84.jpg 150w, https:\/\/www.adfwebmagazine.jp\/wp-content\/uploads\/2026\/04\/adf-web-magazine-festival-des-architectures-vives2026-13-768x432.jpg 768w, https:\/\/www.adfwebmagazine.jp\/wp-content\/uploads\/2026\/04\/adf-web-magazine-festival-des-architectures-vives2026-13-230x129.jpg 230w, https:\/\/www.adfwebmagazine.jp\/wp-content\/uploads\/2026\/04\/adf-web-magazine-festival-des-architectures-vives2026-13-711x400.jpg 711w, https:\/\/www.adfwebmagazine.jp\/wp-content\/uploads\/2026\/04\/adf-web-magazine-festival-des-architectures-vives2026-13-888x500.jpg 888w, https:\/\/www.adfwebmagazine.jp\/wp-content\/uploads\/2026\/04\/adf-web-magazine-festival-des-architectures-vives2026-13-1244x700.jpg 1244w, https:\/\/www.adfwebmagazine.jp\/wp-content\/uploads\/2026\/04\/adf-web-magazine-festival-des-architectures-vives2026-13-500x281.jpg 500w, https:\/\/www.adfwebmagazine.jp\/wp-content\/uploads\/2026\/04\/adf-web-magazine-festival-des-architectures-vives2026-13-600x338.jpg 600w, https:\/\/www.adfwebmagazine.jp\/wp-content\/uploads\/2026\/04\/adf-web-magazine-festival-des-architectures-vives2026-13.jpg 1400w\" sizes=\"(max-width: 750px) 100vw, 750px\" \/><\/a><p id=\"caption-attachment-296575\" class=\"wp-caption-text\">POP-UP PAVILION: T\u00c9ISSER<br>\r\nPhoto credit: Laetitia Rejany &amp; Iacha Perget<\/p><\/div> <div id=\"attachment_296586\" style=\"width: 510px\" class=\"wp-caption aligncenter\"><a href=\"https:\/\/www.adfwebmagazine.jp\/wp-content\/uploads\/2026\/04\/adf-web-magazine-festival-des-architectures-vives2026-23.jpg\"><img aria-describedby=\"caption-attachment-296586\" src=\"https:\/\/www.adfwebmagazine.jp\/wp-content\/uploads\/2026\/04\/adf-web-magazine-festival-des-architectures-vives2026-23-500x667.jpg\" alt=\"adf-web-magazine-festival-des-architectures-vives2026-23\" width=\"500\" height=\"667\" class=\"wp-image-296586 size-ADFwebimage500\" srcset=\"https:\/\/www.adfwebmagazine.jp\/wp-content\/uploads\/2026\/04\/adf-web-magazine-festival-des-architectures-vives2026-23-500x667.jpg 500w, https:\/\/www.adfwebmagazine.jp\/wp-content\/uploads\/2026\/04\/adf-web-magazine-festival-des-architectures-vives2026-23-225x300.jpg 225w, https:\/\/www.adfwebmagazine.jp\/wp-content\/uploads\/2026\/04\/adf-web-magazine-festival-des-architectures-vives2026-23-768x1024.jpg 768w, https:\/\/www.adfwebmagazine.jp\/wp-content\/uploads\/2026\/04\/adf-web-magazine-festival-des-architectures-vives2026-23-112x150.jpg 112w, https:\/\/www.adfwebmagazine.jp\/wp-content\/uploads\/2026\/04\/adf-web-magazine-festival-des-architectures-vives2026-23-1152x1536.jpg 1152w, https:\/\/www.adfwebmagazine.jp\/wp-content\/uploads\/2026\/04\/adf-web-magazine-festival-des-architectures-vives2026-23-230x307.jpg 230w, https:\/\/www.adfwebmagazine.jp\/wp-content\/uploads\/2026\/04\/adf-web-magazine-festival-des-architectures-vives2026-23-300x400.jpg 300w, https:\/\/www.adfwebmagazine.jp\/wp-content\/uploads\/2026\/04\/adf-web-magazine-festival-des-architectures-vives2026-23-375x500.jpg 375w, https:\/\/www.adfwebmagazine.jp\/wp-content\/uploads\/2026\/04\/adf-web-magazine-festival-des-architectures-vives2026-23-525x700.jpg 525w, https:\/\/www.adfwebmagazine.jp\/wp-content\/uploads\/2026\/04\/adf-web-magazine-festival-des-architectures-vives2026-23-600x800.jpg 600w, https:\/\/www.adfwebmagazine.jp\/wp-content\/uploads\/2026\/04\/adf-web-magazine-festival-des-architectures-vives2026-23-750x1000.jpg 750w, https:\/\/www.adfwebmagazine.jp\/wp-content\/uploads\/2026\/04\/adf-web-magazine-festival-des-architectures-vives2026-23.jpg 1400w\" sizes=\"(max-width: 500px) 100vw, 500px\" \/><\/a><p id=\"caption-attachment-296586\" class=\"wp-caption-text\">Laetitia Rejany &amp; Iacha Perget<br>\r\nPhoto credit:<br>\r\nLaetitia Rejany &amp; Iacha Perget<\/p><\/div>\r\n\r\n\r\n<h4>Central Pavilion<\/h4>\r\n<p>A pop-up pavilion at H\u00f4tel Saint-C\u00f4me serves as a central gathering space. It hosts anniversary merchandise and functions as a social hub, encouraging visitors to engage with the festival starting from 32 Grand Rue Jean Moulin.<\/p>\r\n<h4>Environmental Commitment<\/h4>\r\n<p>The festival reinforces its sustainability strategy through collaboration with Mas R\u00e9emploi, promoting reused materials and circular design. Materials are collected and reintroduced into reuse cycles, while an environmental award recognizes innovative ecological approaches.<\/p>\r\n<h4>About Festival des Architectures Vives<\/h4>\r\n<p>Founded in 2006, the festival activates Montpellier\u2019s historic courtyards through contemporary installations by emerging architects, fostering dialogue between heritage and innovation.<\/p><\/article>","protected":false},"excerpt":{"rendered":"<p>Festival des Architectures Vives 2026 in Montpellier Celebrating 20 Years of Architectural Installations he Fe [&hellip;]<\/p>\n","protected":false},"author":1,"featured_media":296571,"comment_status":"closed","ping_status":"closed","sticky":false,"template":"","format":"standard","meta":{"spay_email":"","jetpack_publicize_message":"\u300c\u30d5\u30a7\u30b9\u30c6\u30a3\u30d0\u30eb\u30fb\u30c7\u30fb\u30a2\u30fc\u30ad\u30c6\u30af\u30c1\u30e5\u30fc\u30eb\u30fb\u30f4\u30a3\u30fc\u30f4 2026\u300d\u306e\u53c2\u52a0\u30c1\u30fc\u30e0\u3068\u30d7\u30ed\u30b8\u30a7\u30af\u30c8\u304c\u767a\u8868 \/ \u300cFestival des Architectures Vives 2026\u300dTeams and Projects #adf #npoadf #installation #event #france #architecture","jetpack_is_tweetstorm":false,"jetpack_publicize_feature_enabled":true},"categories":[7],"tags":[43,83,110,165,325],"jetpack_featured_media_url":"https:\/\/www.adfwebmagazine.jp\/wp-content\/uploads\/2026\/04\/adf-web-magazine-festival-des-architectures-vives2026-1.jpg","jetpack_publicize_connections":[],"_links":{"self":[{"href":"https:\/\/www.adfwebmagazine.jp\/en\/wp-json\/wp\/v2\/posts\/296605"}],"collection":[{"href":"https:\/\/www.adfwebmagazine.jp\/en\/wp-json\/wp\/v2\/posts"}],"about":[{"href":"https:\/\/www.adfwebmagazine.jp\/en\/wp-json\/wp\/v2\/types\/post"}],"author":[{"embeddable":true,"href":"https:\/\/www.adfwebmagazine.jp\/en\/wp-json\/wp\/v2\/users\/1"}],"replies":[{"embeddable":true,"href":"https:\/\/www.adfwebmagazine.jp\/en\/wp-json\/wp\/v2\/comments?post=296605"}],"version-history":[{"count":6,"href":"https:\/\/www.adfwebmagazine.jp\/en\/wp-json\/wp\/v2\/posts\/296605\/revisions"}],"predecessor-version":[{"id":296659,"href":"https:\/\/www.adfwebmagazine.jp\/en\/wp-json\/wp\/v2\/posts\/296605\/revisions\/296659"}],"wp:featuredmedia":[{"embeddable":true,"href":"https:\/\/www.adfwebmagazine.jp\/en\/wp-json\/wp\/v2\/media\/296571"}],"wp:attachment":[{"href":"https:\/\/www.adfwebmagazine.jp\/en\/wp-json\/wp\/v2\/media?parent=296605"}],"wp:term":[{"taxonomy":"category","embeddable":true,"href":"https:\/\/www.adfwebmagazine.jp\/en\/wp-json\/wp\/v2\/categories?post=296605"},{"taxonomy":"post_tag","embeddable":true,"href":"https:\/\/www.adfwebmagazine.jp\/en\/wp-json\/wp\/v2\/tags?post=296605"}],"curies":[{"name":"wp","href":"https:\/\/api.w.org\/{rel}","templated":true}]}}